{"id":64122,"date":"2025-11-11T17:26:43","date_gmt":"2025-11-11T17:26:43","guid":{"rendered":"https:\/\/agdiversidade.com.br\/sindbares\/?p=64122"},"modified":"2025-11-11T18:07:48","modified_gmt":"2025-11-11T18:07:48","slug":"vitoria-cenario-dos-bares-e-restaurantes-em-uma-das-capitais-mais-vibrantes-do-brasil","status":"publish","type":"post","link":"https:\/\/agdiversidade.com.br\/sindbares\/vitoria-cenario-dos-bares-e-restaurantes-em-uma-das-capitais-mais-vibrantes-do-brasil\/","title":{"rendered":"Vit\u00f3ria: Cen\u00e1rio dos Bares e Restaurantes em uma das Capitais Mais Vibrantes do Brasil"},"content":{"rendered":"\n<p>Vit\u00f3ria se consolidou como uma das cidades com maior presen\u00e7a de bares por habitante no Brasil, ocupando a terceira posi\u00e7\u00e3o nacional segundo levantamento da Associa\u00e7\u00e3o Brasileira de Bares e Restaurantes (Abrasel) \u2014 s\u00e3o 149 bares para cada 100 mil moradores, totalizando aproximadamente 484 estabelecimentos espalhados pela capital. Esse n\u00famero reflete n\u00e3o s\u00f3 o perfil acolhedor do capixaba, mas tamb\u00e9m a for\u00e7a econ\u00f4mica e cultural do setor na regi\u00e3o.<\/p>\n\n\n\n<p>A influ\u00eancia desse segmento vai al\u00e9m do lazer: bares, restaurantes e padarias estiveram \u00e0 frente da gera\u00e7\u00e3o de empregos formais nos \u00faltimos meses no Esp\u00edrito Santo, com 216 novas vagas apenas em mar\u00e7o de 2025. No trimestre, o setor j\u00e1 soma mais de 700 postos criados, indicando sua resili\u00eancia e relev\u00e2ncia mesmo diante de desafios econ\u00f4micos recentes.<\/p>\n\n\n\n<p>De acordo com dados regionais, o Esp\u00edrito Santo lidera o crescimento nacional em servi\u00e7os voltados ao lazer e alimenta\u00e7\u00e3o fora do lar \u2014 alta de 13,5% em um ano, impulsionada pelo turismo, gastronomia local e busca por experi\u00eancias. Al\u00e9m disso, empres\u00e1rios demonstram otimismo para o restante de 2025, tanto pelo aumento no volume de vendas quanto pelas boas perspectivas para festivais, temporadas tur\u00edsticas e eventos populares em Vit\u00f3ria, como a Arena Ver\u00e3o e o Carnaval.<\/p>\n\n\n\n<p>Por tr\u00e1s desse dinamismo, h\u00e1 tamb\u00e9m desafios como infla\u00e7\u00e3o, altas nos custos de insumos e manuten\u00e7\u00e3o dos empregos. Por\u00e9m, com criatividade, parcerias e a\u00e7\u00f5es coordenadas pelo SindBares, o segmento continua forte, sendo pe\u00e7a fundamental do cotidiano, da economia e da identidade cultural capixaba.<\/p>\n\n\n\n<p><\/p>\n","protected":false},"excerpt":{"rendered":"<p>Vit\u00f3ria se consolidou como uma das cidades com maior presen\u00e7a de bares por habitante no&hellip;<\/p>\n","protected":false},"author":1,"featured_media":63910,"comment_status":"open","ping_status":"open","sticky":false,"template":"","format":"standard","meta":{"_price":"","_stock":"","_tribe_ticket_header":"","_tribe_default_ticket_provider":"","_tribe_ticket_capacity":"0","_ticket_start_date":"","_ticket_end_date":"","_tribe_ticket_show_description":"","_tribe_ticket_show_not_going":false,"_tribe_ticket_use_global_stock":"","_tribe_ticket_global_stock_level":"","_global_stock_mode":"","_global_stock_cap":"","_tribe_rsvp_for_event":"","_tribe_ticket_going_count":"","_tribe_ticket_not_going_count":"","_tribe_tickets_list":"[]","_tribe_ticket_has_attendee_info_fields":false,"footnotes":""},"categories":[266],"tags":[],"class_list":["post-64122","post","type-post","status-publish","format-standard","has-post-thumbnail","hentry","category-blog"],"_links":{"self":[{"href":"https:\/\/agdiversidade.com.br\/sindbares\/wp-json\/wp\/v2\/posts\/64122","targetHints":{"allow":["GET"]}}],"collection":[{"href":"https:\/\/agdiversidade.com.br\/sindbares\/wp-json\/wp\/v2\/posts"}],"about":[{"href":"https:\/\/agdiversidade.com.br\/sindbares\/wp-json\/wp\/v2\/types\/post"}],"author":[{"embeddable":true,"href":"https:\/\/agdiversidade.com.br\/sindbares\/wp-json\/wp\/v2\/users\/1"}],"replies":[{"embeddable":true,"href":"https:\/\/agdiversidade.com.br\/sindbares\/wp-json\/wp\/v2\/comments?post=64122"}],"version-history":[{"count":1,"href":"https:\/\/agdiversidade.com.br\/sindbares\/wp-json\/wp\/v2\/posts\/64122\/revisions"}],"predecessor-version":[{"id":64123,"href":"https:\/\/agdiversidade.com.br\/sindbares\/wp-json\/wp\/v2\/posts\/64122\/revisions\/64123"}],"wp:featuredmedia":[{"embeddable":true,"href":"https:\/\/agdiversidade.com.br\/sindbares\/wp-json\/wp\/v2\/media\/63910"}],"wp:attachment":[{"href":"https:\/\/agdiversidade.com.br\/sindbares\/wp-json\/wp\/v2\/media?parent=64122"}],"wp:term":[{"taxonomy":"category","embeddable":true,"href":"https:\/\/agdiversidade.com.br\/sindbares\/wp-json\/wp\/v2\/categories?post=64122"},{"taxonomy":"post_tag","embeddable":true,"href":"https:\/\/agdiversidade.com.br\/sindbares\/wp-json\/wp\/v2\/tags?post=64122"}],"curies":[{"name":"wp","href":"https:\/\/api.w.org\/{rel}","templated":true}]}}